{"id":76,"date":"2026-03-04T08:20:37","date_gmt":"2026-03-04T07:20:37","guid":{"rendered":"https:\/\/site21.monsitecommeunpro.fr\/?p=76"},"modified":"2026-03-10T09:08:26","modified_gmt":"2026-03-10T08:08:26","slug":"situation-humanitaire-etat-des-lieux","status":"publish","type":"post","link":"https:\/\/site21.monsitecommeunpro.fr\/?p=76","title":{"rendered":"Situation humanitaire : \u00e9tat des lieux"},"content":{"rendered":"\n<p><strong>Publi\u00e9 le 1 mars 2026<\/strong><\/p>\n\n\n\n<p>Les populations civiles restent particuli\u00e8rement expos\u00e9es aux cons\u00e9quences du conflit. Acc\u00e8s aux soins, alimentation, d\u00e9placements internes : les d\u00e9fis sont nombreux. Nous faisons le point sur la situation humanitaire actuelle et les efforts des ONG sur le terrain.<\/p>\n\n\n\n<p>&#8211;>Lire l\u2019article en entier : <strong><a href=\"http:\/\/article-humanitaire.html\" data-type=\"link\" data-id=\"article-humanitaire.html\">article-humanitaire.html<\/a><\/strong><\/p>\n\n\n\n<p><\/p>\n","protected":false},"excerpt":{"rendered":"<p>Publi\u00e9 le 1 mars 2026 Les populations civiles restent particuli\u00e8rement expos\u00e9es aux cons\u00e9quences du conflit. Acc\u00e8s aux soins, alimentation, d\u00e9placements [&hellip;]<\/p>\n","protected":false},"author":1,"featured_media":0,"comment_status":"open","ping_status":"open","sticky":false,"template":"","format":"standard","meta":{"_uag_custom_page_level_css":"","site-sidebar-layout":"default","site-content-layout":"","ast-site-content-layout":"default","site-content-style":"default","site-sidebar-style":"default","ast-global-header-display":"","ast-banner-title-visibility":"","ast-main-header-display":"","ast-hfb-above-header-display":"","ast-hfb-below-header-display":"","ast-hfb-mobile-header-display":"","site-post-title":"","ast-breadcrumbs-content":"","ast-featured-img":"","footer-sml-layout":"","ast-disable-related-posts":"","theme-transparent-header-meta":"","adv-header-id-meta":"","stick-header-meta":"","header-above-stick-meta":"","header-main-stick-meta":"","header-below-stick-meta":"","astra-migrate-meta-layouts":"default","ast-page-background-enabled":"default","ast-page-background-meta":{"desktop":{"background-color":"var(--ast-global-color-5)","background-image":"","background-repeat":"repeat","background-position":"center center","background-size":"auto","background-attachment":"scroll","background-type":"","background-media":"","overlay-type":"","overlay-color":"","overlay-opacity":"","overlay-gradient":""},"tablet":{"background-color":"","background-image":"","background-repeat":"repeat","background-position":"center center","background-size":"auto","background-attachment":"scroll","background-type":"","background-media":"","overlay-type":"","overlay-color":"","overlay-opacity":"","overlay-gradient":""},"mobile":{"background-color":"","background-image":"","background-repeat":"repeat","background-position":"center center","background-size":"auto","background-attachment":"scroll","background-type":"","background-media":"","overlay-type":"","overlay-color":"","overlay-opacity":"","overlay-gradient":""}},"ast-content-background-meta":{"desktop":{"background-color":"var(--ast-global-color-4)","background-image":"","background-repeat":"repeat","background-position":"center center","background-size":"auto","background-attachment":"scroll","background-type":"","background-media":"","overlay-type":"","overlay-color":"","overlay-opacity":"","overlay-gradient":""},"tablet":{"background-color":"var(--ast-global-color-4)","background-image":"","background-repeat":"repeat","background-position":"center center","background-size":"auto","background-attachment":"scroll","background-type":"","background-media":"","overlay-type":"","overlay-color":"","overlay-opacity":"","overlay-gradient":""},"mobile":{"background-color":"var(--ast-global-color-4)","background-image":"","background-repeat":"repeat","background-position":"center center","background-size":"auto","background-attachment":"scroll","background-type":"","background-media":"","overlay-type":"","overlay-color":"","overlay-opacity":"","overlay-gradient":""}},"footnotes":""},"categories":[1],"tags":[6],"class_list":["post-76","post","type-post","status-publish","format-standard","hentry","category-non-classe","tag-humanitaire"],"yoast_head":"<!-- This site is optimized with the Yoast SEO plugin v27.0 - https:\/\/yoast.com\/product\/yoast-seo-wordpress\/ -->\n<title>Situation humanitaire : \u00e9tat des lieux - Guerre en Iran<\/title>\n<meta name=\"robots\" content=\"index, follow, max-snippet:-1, max-image-preview:large, max-video-preview:-1\" \/>\n<link rel=\"canonical\" href=\"https:\/\/site21.monsitecommeunpro.fr\/?p=76\" \/>\n<meta property=\"og:locale\" content=\"fr_FR\" \/>\n<meta property=\"og:type\" content=\"article\" \/>\n<meta property=\"og:title\" content=\"Situation humanitaire : \u00e9tat des lieux - Guerre en Iran\" \/>\n<meta property=\"og:description\" content=\"Publi\u00e9 le 1 mars 2026 Les populations civiles restent particuli\u00e8rement expos\u00e9es aux cons\u00e9quences du conflit. Acc\u00e8s aux soins, alimentation, d\u00e9placements [&hellip;]\" \/>\n<meta property=\"og:url\" content=\"https:\/\/site21.monsitecommeunpro.fr\/?p=76\" \/>\n<meta property=\"og:site_name\" content=\"Guerre en Iran\" \/>\n<meta property=\"article:published_time\" content=\"2026-03-04T07:20:37+00:00\" \/>\n<meta property=\"article:modified_time\" content=\"2026-03-10T08:08:26+00:00\" \/>\n<meta name=\"author\" content=\"admin\" \/>\n<meta name=\"twitter:card\" content=\"summary_large_image\" \/>\n<meta name=\"twitter:label1\" content=\"\u00c9crit par\" \/>\n\t<meta name=\"twitter:data1\" content=\"admin\" \/>\n<script type=\"application\/ld+json\" class=\"yoast-schema-graph\">{\"@context\":\"https:\/\/schema.org\",\"@graph\":[{\"@type\":\"Article\",\"@id\":\"https:\/\/site21.monsitecommeunpro.fr\/?p=76#article\",\"isPartOf\":{\"@id\":\"https:\/\/site21.monsitecommeunpro.fr\/?p=76\"},\"author\":{\"name\":\"admin\",\"@id\":\"https:\/\/site21.monsitecommeunpro.fr\/#\/schema\/person\/0de732244ca359c5e3eb3635553dd10b\"},\"headline\":\"Situation humanitaire : \u00e9tat des lieux\",\"datePublished\":\"2026-03-04T07:20:37+00:00\",\"dateModified\":\"2026-03-10T08:08:26+00:00\",\"mainEntityOfPage\":{\"@id\":\"https:\/\/site21.monsitecommeunpro.fr\/?p=76\"},\"wordCount\":59,\"commentCount\":0,\"publisher\":{\"@id\":\"https:\/\/site21.monsitecommeunpro.fr\/#organization\"},\"keywords\":[\"humanitaire\"],\"articleSection\":[\"Actualit\u00e9s\"],\"inLanguage\":\"fr-FR\",\"potentialAction\":[{\"@type\":\"CommentAction\",\"name\":\"Comment\",\"target\":[\"https:\/\/site21.monsitecommeunpro.fr\/?p=76#respond\"]}]},{\"@type\":\"WebPage\",\"@id\":\"https:\/\/site21.monsitecommeunpro.fr\/?p=76\",\"url\":\"https:\/\/site21.monsitecommeunpro.fr\/?p=76\",\"name\":\"Situation humanitaire : \u00e9tat des lieux - Guerre en Iran\",\"isPartOf\":{\"@id\":\"https:\/\/site21.monsitecommeunpro.fr\/#website\"},\"datePublished\":\"2026-03-04T07:20:37+00:00\",\"dateModified\":\"2026-03-10T08:08:26+00:00\",\"breadcrumb\":{\"@id\":\"https:\/\/site21.monsitecommeunpro.fr\/?p=76#breadcrumb\"},\"inLanguage\":\"fr-FR\",\"potentialAction\":[{\"@type\":\"ReadAction\",\"target\":[\"https:\/\/site21.monsitecommeunpro.fr\/?p=76\"]}]},{\"@type\":\"BreadcrumbList\",\"@id\":\"https:\/\/site21.monsitecommeunpro.fr\/?p=76#breadcrumb\",\"itemListElement\":[{\"@type\":\"ListItem\",\"position\":1,\"name\":\"Accueil\",\"item\":\"https:\/\/site21.monsitecommeunpro.fr\/\"},{\"@type\":\"ListItem\",\"position\":2,\"name\":\"Situation humanitaire : \u00e9tat des lieux\"}]},{\"@type\":\"WebSite\",\"@id\":\"https:\/\/site21.monsitecommeunpro.fr\/#website\",\"url\":\"https:\/\/site21.monsitecommeunpro.fr\/\",\"name\":\"Guerre en Iran\",\"description\":\"\",\"publisher\":{\"@id\":\"https:\/\/site21.monsitecommeunpro.fr\/#organization\"},\"potentialAction\":[{\"@type\":\"SearchAction\",\"target\":{\"@type\":\"EntryPoint\",\"urlTemplate\":\"https:\/\/site21.monsitecommeunpro.fr\/?s={search_term_string}\"},\"query-input\":{\"@type\":\"PropertyValueSpecification\",\"valueRequired\":true,\"valueName\":\"search_term_string\"}}],\"inLanguage\":\"fr-FR\"},{\"@type\":\"Organization\",\"@id\":\"https:\/\/site21.monsitecommeunpro.fr\/#organization\",\"name\":\"Guerre en Iran\",\"url\":\"https:\/\/site21.monsitecommeunpro.fr\/\",\"logo\":{\"@type\":\"ImageObject\",\"inLanguage\":\"fr-FR\",\"@id\":\"https:\/\/site21.monsitecommeunpro.fr\/#\/schema\/logo\/image\/\",\"url\":\"https:\/\/site21.monsitecommeunpro.fr\/wp-content\/uploads\/2026\/03\/web-nataasha.jpg\",\"contentUrl\":\"https:\/\/site21.monsitecommeunpro.fr\/wp-content\/uploads\/2026\/03\/web-nataasha.jpg\",\"width\":1400,\"height\":750,\"caption\":\"Guerre en Iran \"},\"image\":{\"@id\":\"https:\/\/site21.monsitecommeunpro.fr\/#\/schema\/logo\/image\/\"}},{\"@type\":\"Person\",\"@id\":\"https:\/\/site21.monsitecommeunpro.fr\/#\/schema\/person\/0de732244ca359c5e3eb3635553dd10b\",\"name\":\"admin\",\"image\":{\"@type\":\"ImageObject\",\"inLanguage\":\"fr-FR\",\"@id\":\"https:\/\/site21.monsitecommeunpro.fr\/#\/schema\/person\/image\/\",\"url\":\"https:\/\/secure.gravatar.com\/avatar\/a495973c9f7d0eaf1e8a45e151427557746853de7b53dec9bc064eeddfe86321?s=96&d=mm&r=g\",\"contentUrl\":\"https:\/\/secure.gravatar.com\/avatar\/a495973c9f7d0eaf1e8a45e151427557746853de7b53dec9bc064eeddfe86321?s=96&d=mm&r=g\",\"caption\":\"admin\"},\"sameAs\":[\"https:\/\/site21.monsitecommeunpro.fr\"],\"url\":\"https:\/\/site21.monsitecommeunpro.fr\/?author=1\"}]}<\/script>\n<!-- \/ Yoast SEO plugin. -->","yoast_head_json":{"title":"Situation humanitaire : \u00e9tat des lieux - Guerre en Iran","robots":{"index":"index","follow":"follow","max-snippet":"max-snippet:-1","max-image-preview":"max-image-preview:large","max-video-preview":"max-video-preview:-1"},"canonical":"https:\/\/site21.monsitecommeunpro.fr\/?p=76","og_locale":"fr_FR","og_type":"article","og_title":"Situation humanitaire : \u00e9tat des lieux - Guerre en Iran","og_description":"Publi\u00e9 le 1 mars 2026 Les populations civiles restent particuli\u00e8rement expos\u00e9es aux cons\u00e9quences du conflit. Acc\u00e8s aux soins, alimentation, d\u00e9placements [&hellip;]","og_url":"https:\/\/site21.monsitecommeunpro.fr\/?p=76","og_site_name":"Guerre en Iran","article_published_time":"2026-03-04T07:20:37+00:00","article_modified_time":"2026-03-10T08:08:26+00:00","author":"admin","twitter_card":"summary_large_image","twitter_misc":{"\u00c9crit par":"admin"},"schema":{"@context":"https:\/\/schema.org","@graph":[{"@type":"Article","@id":"https:\/\/site21.monsitecommeunpro.fr\/?p=76#article","isPartOf":{"@id":"https:\/\/site21.monsitecommeunpro.fr\/?p=76"},"author":{"name":"admin","@id":"https:\/\/site21.monsitecommeunpro.fr\/#\/schema\/person\/0de732244ca359c5e3eb3635553dd10b"},"headline":"Situation humanitaire : \u00e9tat des lieux","datePublished":"2026-03-04T07:20:37+00:00","dateModified":"2026-03-10T08:08:26+00:00","mainEntityOfPage":{"@id":"https:\/\/site21.monsitecommeunpro.fr\/?p=76"},"wordCount":59,"commentCount":0,"publisher":{"@id":"https:\/\/site21.monsitecommeunpro.fr\/#organization"},"keywords":["humanitaire"],"articleSection":["Actualit\u00e9s"],"inLanguage":"fr-FR","potentialAction":[{"@type":"CommentAction","name":"Comment","target":["https:\/\/site21.monsitecommeunpro.fr\/?p=76#respond"]}]},{"@type":"WebPage","@id":"https:\/\/site21.monsitecommeunpro.fr\/?p=76","url":"https:\/\/site21.monsitecommeunpro.fr\/?p=76","name":"Situation humanitaire : \u00e9tat des lieux - Guerre en Iran","isPartOf":{"@id":"https:\/\/site21.monsitecommeunpro.fr\/#website"},"datePublished":"2026-03-04T07:20:37+00:00","dateModified":"2026-03-10T08:08:26+00:00","breadcrumb":{"@id":"https:\/\/site21.monsitecommeunpro.fr\/?p=76#breadcrumb"},"inLanguage":"fr-FR","potentialAction":[{"@type":"ReadAction","target":["https:\/\/site21.monsitecommeunpro.fr\/?p=76"]}]},{"@type":"BreadcrumbList","@id":"https:\/\/site21.monsitecommeunpro.fr\/?p=76#breadcrumb","itemListElement":[{"@type":"ListItem","position":1,"name":"Accueil","item":"https:\/\/site21.monsitecommeunpro.fr\/"},{"@type":"ListItem","position":2,"name":"Situation humanitaire : \u00e9tat des lieux"}]},{"@type":"WebSite","@id":"https:\/\/site21.monsitecommeunpro.fr\/#website","url":"https:\/\/site21.monsitecommeunpro.fr\/","name":"Guerre en Iran","description":"","publisher":{"@id":"https:\/\/site21.monsitecommeunpro.fr\/#organization"},"potentialAction":[{"@type":"SearchAction","target":{"@type":"EntryPoint","urlTemplate":"https:\/\/site21.monsitecommeunpro.fr\/?s={search_term_string}"},"query-input":{"@type":"PropertyValueSpecification","valueRequired":true,"valueName":"search_term_string"}}],"inLanguage":"fr-FR"},{"@type":"Organization","@id":"https:\/\/site21.monsitecommeunpro.fr\/#organization","name":"Guerre en Iran","url":"https:\/\/site21.monsitecommeunpro.fr\/","logo":{"@type":"ImageObject","inLanguage":"fr-FR","@id":"https:\/\/site21.monsitecommeunpro.fr\/#\/schema\/logo\/image\/","url":"https:\/\/site21.monsitecommeunpro.fr\/wp-content\/uploads\/2026\/03\/web-nataasha.jpg","contentUrl":"https:\/\/site21.monsitecommeunpro.fr\/wp-content\/uploads\/2026\/03\/web-nataasha.jpg","width":1400,"height":750,"caption":"Guerre en Iran "},"image":{"@id":"https:\/\/site21.monsitecommeunpro.fr\/#\/schema\/logo\/image\/"}},{"@type":"Person","@id":"https:\/\/site21.monsitecommeunpro.fr\/#\/schema\/person\/0de732244ca359c5e3eb3635553dd10b","name":"admin","image":{"@type":"ImageObject","inLanguage":"fr-FR","@id":"https:\/\/site21.monsitecommeunpro.fr\/#\/schema\/person\/image\/","url":"https:\/\/secure.gravatar.com\/avatar\/a495973c9f7d0eaf1e8a45e151427557746853de7b53dec9bc064eeddfe86321?s=96&d=mm&r=g","contentUrl":"https:\/\/secure.gravatar.com\/avatar\/a495973c9f7d0eaf1e8a45e151427557746853de7b53dec9bc064eeddfe86321?s=96&d=mm&r=g","caption":"admin"},"sameAs":["https:\/\/site21.monsitecommeunpro.fr"],"url":"https:\/\/site21.monsitecommeunpro.fr\/?author=1"}]}},"uagb_featured_image_src":{"full":false,"thumbnail":false,"medium":false,"medium_large":false,"large":false,"1536x1536":false,"2048x2048":false},"uagb_author_info":{"display_name":"admin","author_link":"https:\/\/site21.monsitecommeunpro.fr\/?author=1"},"uagb_comment_info":0,"uagb_excerpt":"Publi\u00e9 le 1 mars 2026 Les populations civiles restent particuli\u00e8rement expos\u00e9es aux cons\u00e9quences du conflit. Acc\u00e8s aux soins, alimentation, d\u00e9placements [&hellip;]","_links":{"self":[{"href":"https:\/\/site21.monsitecommeunpro.fr\/index.php?rest_route=\/wp\/v2\/posts\/76","targetHints":{"allow":["GET"]}}],"collection":[{"href":"https:\/\/site21.monsitecommeunpro.fr\/index.php?rest_route=\/wp\/v2\/posts"}],"about":[{"href":"https:\/\/site21.monsitecommeunpro.fr\/index.php?rest_route=\/wp\/v2\/types\/post"}],"author":[{"embeddable":true,"href":"https:\/\/site21.monsitecommeunpro.fr\/index.php?rest_route=\/wp\/v2\/users\/1"}],"replies":[{"embeddable":true,"href":"https:\/\/site21.monsitecommeunpro.fr\/index.php?rest_route=%2Fwp%2Fv2%2Fcomments&post=76"}],"version-history":[{"count":2,"href":"https:\/\/site21.monsitecommeunpro.fr\/index.php?rest_route=\/wp\/v2\/posts\/76\/revisions"}],"predecessor-version":[{"id":106,"href":"https:\/\/site21.monsitecommeunpro.fr\/index.php?rest_route=\/wp\/v2\/posts\/76\/revisions\/106"}],"wp:attachment":[{"href":"https:\/\/site21.monsitecommeunpro.fr\/index.php?rest_route=%2Fwp%2Fv2%2Fmedia&parent=76"}],"wp:term":[{"taxonomy":"category","embeddable":true,"href":"https:\/\/site21.monsitecommeunpro.fr\/index.php?rest_route=%2Fwp%2Fv2%2Fcategories&post=76"},{"taxonomy":"post_tag","embeddable":true,"href":"https:\/\/site21.monsitecommeunpro.fr\/index.php?rest_route=%2Fwp%2Fv2%2Ftags&post=76"}],"curies":[{"name":"wp","href":"https:\/\/api.w.org\/{rel}","templated":true}]}}