{"id":156,"date":"2026-03-23T14:24:35","date_gmt":"2026-03-23T13:24:35","guid":{"rendered":"https:\/\/site21.monsitecommeunpro.fr\/?p=156"},"modified":"2026-03-23T14:24:35","modified_gmt":"2026-03-23T13:24:35","slug":"evadez-vous-pendant-le-pont-de-lascension-cap-sur-les-gorges-du-verdon","status":"publish","type":"post","link":"https:\/\/site21.monsitecommeunpro.fr\/?p=156","title":{"rendered":"\u00c9vadez-vous pendant le Pont de l\u2019Ascension : cap sur les Gorges du Verdon !"},"content":{"rendered":"\n<p class=\"wp-block-paragraph\">\u00c0 l\u2019occasion du Pont de l\u2019Ascension, notre site d\u2019actualit\u00e9 sera exceptionnellement en pause du <strong>jeudi 14 au dimanche 17 mai<\/strong>.<\/p>\n\n\n\n<p class=\"wp-block-paragraph\">Mais plut\u00f4t que de simplement suspendre notre activit\u00e9, nous avons choisi de vous proposer une exp\u00e9rience unique :<br>un <strong>s\u00e9jour de 4 jours au c\u0153ur des Gorges du Verdon<\/strong>, r\u00e9serv\u00e9 \u00e0 nos lecteurs.<\/p>\n\n\n\n<hr class=\"wp-block-separator has-alpha-channel-opacity\"\/>\n\n\n\n<h2 class=\"wp-block-heading\">Une parenth\u00e8se loin de l\u2019actualit\u00e9<\/h2>\n\n\n\n<p class=\"wp-block-paragraph\">Apr\u00e8s des mois \u00e0 suivre une actualit\u00e9 intense, il est parfois essentiel de prendre du recul.<\/p>\n\n\n\n<p class=\"wp-block-paragraph\">Nous vous proposons de <strong>changer d\u2019air, de rythme et de perspective<\/strong> en vous immergeant dans l\u2019un des plus beaux sites naturels de France : les Gorges du Verdon.<\/p>\n\n\n\n<p class=\"wp-block-paragraph\">Falaises vertigineuses, eau turquoise, silence et nature sauvage\u2026<br>Tout est r\u00e9uni pour une v\u00e9ritable coupure.<\/p>\n\n\n\n<hr class=\"wp-block-separator has-alpha-channel-opacity\"\/>\n\n\n\n<h2 class=\"wp-block-heading\">Trois circuits pour tous les profils<\/h2>\n\n\n\n<p class=\"wp-block-paragraph\">Durant ce s\u00e9jour, trois parcours vous seront propos\u00e9s selon votre niveau et vos envies :<\/p>\n\n\n\n<h3 class=\"wp-block-heading\"> Circuit expert \u2013 Sentier de l\u2019Imbut<\/h3>\n\n\n\n<p class=\"wp-block-paragraph\">Un itin\u00e9raire sauvage et engag\u00e9 au c\u0153ur du canyon, r\u00e9serv\u00e9 aux randonneurs exp\u00e9riment\u00e9s.<\/p>\n\n\n\n<h3 class=\"wp-block-heading\"> Circuit d\u00e9couverte \u2013 Sentier Blanc-Martel<\/h3>\n\n\n\n<p class=\"wp-block-paragraph\">Le parcours embl\u00e9matique du Verdon, accessible et spectaculaire, id\u00e9al pour une premi\u00e8re immersion.<\/p>\n\n\n\n<h3 class=\"wp-block-heading\">Circuit loisir \u2013 Sentier Vidal<\/h3>\n\n\n\n<p class=\"wp-block-paragraph\">Un itin\u00e9raire plus tranquille, m\u00ealant d\u00e9couverte et int\u00e9r\u00eat historique.<\/p>\n\n\n\n<hr class=\"wp-block-separator has-alpha-channel-opacity\"\/>\n\n\n\n<h2 class=\"wp-block-heading\">Un s\u00e9jour pens\u00e9 pour nos lecteurs<\/h2>\n\n\n\n<p class=\"wp-block-paragraph\">Ce s\u00e9jour est une initiative sp\u00e9ciale, con\u00e7ue pour :<\/p>\n\n\n\n<ul class=\"wp-block-list\">\n<li>favoriser les \u00e9changes<\/li>\n\n\n\n<li>partager une exp\u00e9rience collective<\/li>\n\n\n\n<li>cr\u00e9er un moment hors du cadre habituel<\/li>\n<\/ul>\n\n\n\n<p class=\"wp-block-paragraph\">Que vous soyez amateur de randonn\u00e9e ou simplement en qu\u00eate de nature, vous y trouverez votre place.<\/p>\n\n\n\n<hr class=\"wp-block-separator has-alpha-channel-opacity\"\/>\n\n\n\n<h2 class=\"wp-block-heading\">Organisation &amp; encadrement<\/h2>\n\n\n\n<p class=\"wp-block-paragraph\">Le s\u00e9jour est organis\u00e9 sur 4 jours avec :<\/p>\n\n\n\n<ul class=\"wp-block-list\">\n<li>des circuits adapt\u00e9s aux niveaux<\/li>\n\n\n\n<li>des conseils mat\u00e9riels pr\u00e9cis<\/li>\n\n\n\n<li>un cadre s\u00e9curis\u00e9<\/li>\n<\/ul>\n\n\n\n<p class=\"wp-block-paragraph\"> Une bonne condition physique est recommand\u00e9e selon les parcours choisis.<\/p>\n\n\n\n<hr class=\"wp-block-separator has-alpha-channel-opacity\"\/>\n\n\n\n<h2 class=\"wp-block-heading\">Informations cl\u00e9s<\/h2>\n\n\n\n<ul class=\"wp-block-list\">\n<li><strong>Dates<\/strong> : du jeudi 14 au dimanche 17 mai<\/li>\n\n\n\n<li><strong>Dur\u00e9e<\/strong> : 4 jours<\/li>\n\n\n\n<li><strong>Lieu<\/strong> : Gorges du Verdon<\/li>\n\n\n\n<li><strong>Places limit\u00e9es<\/strong><\/li>\n<\/ul>\n\n\n\n<hr class=\"wp-block-separator has-alpha-channel-opacity\"\/>\n\n\n\n<h2 class=\"wp-block-heading\"> Rejoignez l\u2019aventure<\/h2>\n\n\n\n<p class=\"wp-block-paragraph\">Les inscriptions sont d\u00e9sormais ouvertes.<\/p>\n\n\n\n<p class=\"wp-block-paragraph\"> Ne manquez pas cette occasion unique de vivre une exp\u00e9rience diff\u00e9rente, au c\u0153ur de paysages exceptionnels.<\/p>\n\n\n\n<p class=\"wp-block-paragraph\"><\/p>\n\n\n\n<hr class=\"wp-block-separator has-alpha-channel-opacity\"\/>\n\n\n\n<h2 class=\"wp-block-heading\"><\/h2>\n","protected":false},"excerpt":{"rendered":"<p>\u00c0 l\u2019occasion du Pont de l\u2019Ascension, notre site d\u2019actualit\u00e9 sera exceptionnellement en pause du jeudi 14 au dimanche 17 mai. Mais plut\u00f4t que de simplement suspendre notre activit\u00e9, nous avons choisi de vous proposer une exp\u00e9rience unique :un s\u00e9jour de 4 jours au c\u0153ur des Gorges du Verdon, r\u00e9serv\u00e9 \u00e0 nos lecteurs. Une parenth\u00e8se loin [&hellip;]<\/p>\n","protected":false},"author":1,"featured_media":0,"comment_status":"open","ping_status":"open","sticky":false,"template":"","format":"standard","meta":{"_uag_custom_page_level_css":"","site-sidebar-layout":"default","site-content-layout":"","ast-site-content-layout":"default","site-content-style":"default","site-sidebar-style":"default","ast-global-header-display":"","ast-banner-title-visibility":"","ast-main-header-display":"","ast-hfb-above-header-display":"","ast-hfb-below-header-display":"","ast-hfb-mobile-header-display":"","site-post-title":"","ast-breadcrumbs-content":"","ast-featured-img":"","footer-sml-layout":"","ast-disable-related-posts":"","theme-transparent-header-meta":"","adv-header-id-meta":"","stick-header-meta":"","header-above-stick-meta":"","header-main-stick-meta":"","header-below-stick-meta":"","astra-migrate-meta-layouts":"default","ast-page-background-enabled":"default","ast-page-background-meta":{"desktop":{"background-color":"var(--ast-global-color-5)","background-image":"","background-repeat":"repeat","background-position":"center center","background-size":"auto","background-attachment":"scroll","background-type":"","background-media":"","overlay-type":"","overlay-color":"","overlay-opacity":"","overlay-gradient":""},"tablet":{"background-color":"","background-image":"","background-repeat":"repeat","background-position":"center center","background-size":"auto","background-attachment":"scroll","background-type":"","background-media":"","overlay-type":"","overlay-color":"","overlay-opacity":"","overlay-gradient":""},"mobile":{"background-color":"","background-image":"","background-repeat":"repeat","background-position":"center center","background-size":"auto","background-attachment":"scroll","background-type":"","background-media":"","overlay-type":"","overlay-color":"","overlay-opacity":"","overlay-gradient":""}},"ast-content-background-meta":{"desktop":{"background-color":"var(--ast-global-color-4)","background-image":"","background-repeat":"repeat","background-position":"center center","background-size":"auto","background-attachment":"scroll","background-type":"","background-media":"","overlay-type":"","overlay-color":"","overlay-opacity":"","overlay-gradient":""},"tablet":{"background-color":"var(--ast-global-color-4)","background-image":"","background-repeat":"repeat","background-position":"center center","background-size":"auto","background-attachment":"scroll","background-type":"","background-media":"","overlay-type":"","overlay-color":"","overlay-opacity":"","overlay-gradient":""},"mobile":{"background-color":"var(--ast-global-color-4)","background-image":"","background-repeat":"repeat","background-position":"center center","background-size":"auto","background-attachment":"scroll","background-type":"","background-media":"","overlay-type":"","overlay-color":"","overlay-opacity":"","overlay-gradient":""}},"footnotes":""},"categories":[15],"tags":[],"class_list":["post-156","post","type-post","status-publish","format-standard","hentry","category-cap-gorge"],"yoast_head":"<!-- This site is optimized with the Yoast SEO plugin v27.0 - https:\/\/yoast.com\/product\/yoast-seo-wordpress\/ -->\n<title>\u00c9vadez-vous pendant le Pont de l\u2019Ascension : cap sur les Gorges du Verdon ! - Guerre en Iran<\/title>\n<meta name=\"robots\" content=\"index, follow, max-snippet:-1, max-image-preview:large, max-video-preview:-1\" \/>\n<link rel=\"canonical\" href=\"https:\/\/site21.monsitecommeunpro.fr\/?p=156\" \/>\n<meta property=\"og:locale\" content=\"fr_FR\" \/>\n<meta property=\"og:type\" content=\"article\" \/>\n<meta property=\"og:title\" content=\"\u00c9vadez-vous pendant le Pont de l\u2019Ascension : cap sur les Gorges du Verdon ! - Guerre en Iran\" \/>\n<meta property=\"og:description\" content=\"\u00c0 l\u2019occasion du Pont de l\u2019Ascension, notre site d\u2019actualit\u00e9 sera exceptionnellement en pause du jeudi 14 au dimanche 17 mai. Mais plut\u00f4t que de simplement suspendre notre activit\u00e9, nous avons choisi de vous proposer une exp\u00e9rience unique :un s\u00e9jour de 4 jours au c\u0153ur des Gorges du Verdon, r\u00e9serv\u00e9 \u00e0 nos lecteurs. Une parenth\u00e8se loin [&hellip;]\" \/>\n<meta property=\"og:url\" content=\"https:\/\/site21.monsitecommeunpro.fr\/?p=156\" \/>\n<meta property=\"og:site_name\" content=\"Guerre en Iran\" \/>\n<meta property=\"article:published_time\" content=\"2026-03-23T13:24:35+00:00\" \/>\n<meta name=\"author\" content=\"admin\" \/>\n<meta name=\"twitter:card\" content=\"summary_large_image\" \/>\n<meta name=\"twitter:label1\" content=\"\u00c9crit par\" \/>\n\t<meta name=\"twitter:data1\" content=\"admin\" \/>\n\t<meta name=\"twitter:label2\" content=\"Dur\u00e9e de lecture estim\u00e9e\" \/>\n\t<meta name=\"twitter:data2\" content=\"2 minutes\" \/>\n<script type=\"application\/ld+json\" class=\"yoast-schema-graph\">{\"@context\":\"https:\/\/schema.org\",\"@graph\":[{\"@type\":\"Article\",\"@id\":\"https:\/\/site21.monsitecommeunpro.fr\/?p=156#article\",\"isPartOf\":{\"@id\":\"https:\/\/site21.monsitecommeunpro.fr\/?p=156\"},\"author\":{\"name\":\"admin\",\"@id\":\"https:\/\/site21.monsitecommeunpro.fr\/#\/schema\/person\/0de732244ca359c5e3eb3635553dd10b\"},\"headline\":\"\u00c9vadez-vous pendant le Pont de l\u2019Ascension : cap sur les Gorges du Verdon !\",\"datePublished\":\"2026-03-23T13:24:35+00:00\",\"mainEntityOfPage\":{\"@id\":\"https:\/\/site21.monsitecommeunpro.fr\/?p=156\"},\"wordCount\":360,\"commentCount\":0,\"publisher\":{\"@id\":\"https:\/\/site21.monsitecommeunpro.fr\/#organization\"},\"articleSection\":[\"cap sur les Gorges du Verdon !\"],\"inLanguage\":\"fr-FR\",\"potentialAction\":[{\"@type\":\"CommentAction\",\"name\":\"Comment\",\"target\":[\"https:\/\/site21.monsitecommeunpro.fr\/?p=156#respond\"]}]},{\"@type\":\"WebPage\",\"@id\":\"https:\/\/site21.monsitecommeunpro.fr\/?p=156\",\"url\":\"https:\/\/site21.monsitecommeunpro.fr\/?p=156\",\"name\":\"\u00c9vadez-vous pendant le Pont de l\u2019Ascension : cap sur les Gorges du Verdon ! - Guerre en Iran\",\"isPartOf\":{\"@id\":\"https:\/\/site21.monsitecommeunpro.fr\/#website\"},\"datePublished\":\"2026-03-23T13:24:35+00:00\",\"breadcrumb\":{\"@id\":\"https:\/\/site21.monsitecommeunpro.fr\/?p=156#breadcrumb\"},\"inLanguage\":\"fr-FR\",\"potentialAction\":[{\"@type\":\"ReadAction\",\"target\":[\"https:\/\/site21.monsitecommeunpro.fr\/?p=156\"]}]},{\"@type\":\"BreadcrumbList\",\"@id\":\"https:\/\/site21.monsitecommeunpro.fr\/?p=156#breadcrumb\",\"itemListElement\":[{\"@type\":\"ListItem\",\"position\":1,\"name\":\"Accueil\",\"item\":\"https:\/\/site21.monsitecommeunpro.fr\/\"},{\"@type\":\"ListItem\",\"position\":2,\"name\":\"\u00c9vadez-vous pendant le Pont de l\u2019Ascension : cap sur les Gorges du Verdon !\"}]},{\"@type\":\"WebSite\",\"@id\":\"https:\/\/site21.monsitecommeunpro.fr\/#website\",\"url\":\"https:\/\/site21.monsitecommeunpro.fr\/\",\"name\":\"Guerre en Iran\",\"description\":\"\",\"publisher\":{\"@id\":\"https:\/\/site21.monsitecommeunpro.fr\/#organization\"},\"potentialAction\":[{\"@type\":\"SearchAction\",\"target\":{\"@type\":\"EntryPoint\",\"urlTemplate\":\"https:\/\/site21.monsitecommeunpro.fr\/?s={search_term_string}\"},\"query-input\":{\"@type\":\"PropertyValueSpecification\",\"valueRequired\":true,\"valueName\":\"search_term_string\"}}],\"inLanguage\":\"fr-FR\"},{\"@type\":\"Organization\",\"@id\":\"https:\/\/site21.monsitecommeunpro.fr\/#organization\",\"name\":\"Guerre en Iran\",\"url\":\"https:\/\/site21.monsitecommeunpro.fr\/\",\"logo\":{\"@type\":\"ImageObject\",\"inLanguage\":\"fr-FR\",\"@id\":\"https:\/\/site21.monsitecommeunpro.fr\/#\/schema\/logo\/image\/\",\"url\":\"https:\/\/site21.monsitecommeunpro.fr\/wp-content\/uploads\/2026\/03\/web-nataasha.jpg\",\"contentUrl\":\"https:\/\/site21.monsitecommeunpro.fr\/wp-content\/uploads\/2026\/03\/web-nataasha.jpg\",\"width\":1400,\"height\":750,\"caption\":\"Guerre en Iran \"},\"image\":{\"@id\":\"https:\/\/site21.monsitecommeunpro.fr\/#\/schema\/logo\/image\/\"}},{\"@type\":\"Person\",\"@id\":\"https:\/\/site21.monsitecommeunpro.fr\/#\/schema\/person\/0de732244ca359c5e3eb3635553dd10b\",\"name\":\"admin\",\"image\":{\"@type\":\"ImageObject\",\"inLanguage\":\"fr-FR\",\"@id\":\"https:\/\/site21.monsitecommeunpro.fr\/#\/schema\/person\/image\/\",\"url\":\"https:\/\/secure.gravatar.com\/avatar\/a495973c9f7d0eaf1e8a45e151427557746853de7b53dec9bc064eeddfe86321?s=96&d=mm&r=g\",\"contentUrl\":\"https:\/\/secure.gravatar.com\/avatar\/a495973c9f7d0eaf1e8a45e151427557746853de7b53dec9bc064eeddfe86321?s=96&d=mm&r=g\",\"caption\":\"admin\"},\"sameAs\":[\"https:\/\/site21.monsitecommeunpro.fr\"],\"url\":\"https:\/\/site21.monsitecommeunpro.fr\/?author=1\"}]}<\/script>\n<!-- \/ Yoast SEO plugin. -->","yoast_head_json":{"title":"\u00c9vadez-vous pendant le Pont de l\u2019Ascension : cap sur les Gorges du Verdon ! - Guerre en Iran","robots":{"index":"index","follow":"follow","max-snippet":"max-snippet:-1","max-image-preview":"max-image-preview:large","max-video-preview":"max-video-preview:-1"},"canonical":"https:\/\/site21.monsitecommeunpro.fr\/?p=156","og_locale":"fr_FR","og_type":"article","og_title":"\u00c9vadez-vous pendant le Pont de l\u2019Ascension : cap sur les Gorges du Verdon ! - Guerre en Iran","og_description":"\u00c0 l\u2019occasion du Pont de l\u2019Ascension, notre site d\u2019actualit\u00e9 sera exceptionnellement en pause du jeudi 14 au dimanche 17 mai. Mais plut\u00f4t que de simplement suspendre notre activit\u00e9, nous avons choisi de vous proposer une exp\u00e9rience unique :un s\u00e9jour de 4 jours au c\u0153ur des Gorges du Verdon, r\u00e9serv\u00e9 \u00e0 nos lecteurs. Une parenth\u00e8se loin [&hellip;]","og_url":"https:\/\/site21.monsitecommeunpro.fr\/?p=156","og_site_name":"Guerre en Iran","article_published_time":"2026-03-23T13:24:35+00:00","author":"admin","twitter_card":"summary_large_image","twitter_misc":{"\u00c9crit par":"admin","Dur\u00e9e de lecture estim\u00e9e":"2 minutes"},"schema":{"@context":"https:\/\/schema.org","@graph":[{"@type":"Article","@id":"https:\/\/site21.monsitecommeunpro.fr\/?p=156#article","isPartOf":{"@id":"https:\/\/site21.monsitecommeunpro.fr\/?p=156"},"author":{"name":"admin","@id":"https:\/\/site21.monsitecommeunpro.fr\/#\/schema\/person\/0de732244ca359c5e3eb3635553dd10b"},"headline":"\u00c9vadez-vous pendant le Pont de l\u2019Ascension : cap sur les Gorges du Verdon !","datePublished":"2026-03-23T13:24:35+00:00","mainEntityOfPage":{"@id":"https:\/\/site21.monsitecommeunpro.fr\/?p=156"},"wordCount":360,"commentCount":0,"publisher":{"@id":"https:\/\/site21.monsitecommeunpro.fr\/#organization"},"articleSection":["cap sur les Gorges du Verdon !"],"inLanguage":"fr-FR","potentialAction":[{"@type":"CommentAction","name":"Comment","target":["https:\/\/site21.monsitecommeunpro.fr\/?p=156#respond"]}]},{"@type":"WebPage","@id":"https:\/\/site21.monsitecommeunpro.fr\/?p=156","url":"https:\/\/site21.monsitecommeunpro.fr\/?p=156","name":"\u00c9vadez-vous pendant le Pont de l\u2019Ascension : cap sur les Gorges du Verdon ! - Guerre en Iran","isPartOf":{"@id":"https:\/\/site21.monsitecommeunpro.fr\/#website"},"datePublished":"2026-03-23T13:24:35+00:00","breadcrumb":{"@id":"https:\/\/site21.monsitecommeunpro.fr\/?p=156#breadcrumb"},"inLanguage":"fr-FR","potentialAction":[{"@type":"ReadAction","target":["https:\/\/site21.monsitecommeunpro.fr\/?p=156"]}]},{"@type":"BreadcrumbList","@id":"https:\/\/site21.monsitecommeunpro.fr\/?p=156#breadcrumb","itemListElement":[{"@type":"ListItem","position":1,"name":"Accueil","item":"https:\/\/site21.monsitecommeunpro.fr\/"},{"@type":"ListItem","position":2,"name":"\u00c9vadez-vous pendant le Pont de l\u2019Ascension : cap sur les Gorges du Verdon !"}]},{"@type":"WebSite","@id":"https:\/\/site21.monsitecommeunpro.fr\/#website","url":"https:\/\/site21.monsitecommeunpro.fr\/","name":"Guerre en Iran","description":"","publisher":{"@id":"https:\/\/site21.monsitecommeunpro.fr\/#organization"},"potentialAction":[{"@type":"SearchAction","target":{"@type":"EntryPoint","urlTemplate":"https:\/\/site21.monsitecommeunpro.fr\/?s={search_term_string}"},"query-input":{"@type":"PropertyValueSpecification","valueRequired":true,"valueName":"search_term_string"}}],"inLanguage":"fr-FR"},{"@type":"Organization","@id":"https:\/\/site21.monsitecommeunpro.fr\/#organization","name":"Guerre en Iran","url":"https:\/\/site21.monsitecommeunpro.fr\/","logo":{"@type":"ImageObject","inLanguage":"fr-FR","@id":"https:\/\/site21.monsitecommeunpro.fr\/#\/schema\/logo\/image\/","url":"https:\/\/site21.monsitecommeunpro.fr\/wp-content\/uploads\/2026\/03\/web-nataasha.jpg","contentUrl":"https:\/\/site21.monsitecommeunpro.fr\/wp-content\/uploads\/2026\/03\/web-nataasha.jpg","width":1400,"height":750,"caption":"Guerre en Iran "},"image":{"@id":"https:\/\/site21.monsitecommeunpro.fr\/#\/schema\/logo\/image\/"}},{"@type":"Person","@id":"https:\/\/site21.monsitecommeunpro.fr\/#\/schema\/person\/0de732244ca359c5e3eb3635553dd10b","name":"admin","image":{"@type":"ImageObject","inLanguage":"fr-FR","@id":"https:\/\/site21.monsitecommeunpro.fr\/#\/schema\/person\/image\/","url":"https:\/\/secure.gravatar.com\/avatar\/a495973c9f7d0eaf1e8a45e151427557746853de7b53dec9bc064eeddfe86321?s=96&d=mm&r=g","contentUrl":"https:\/\/secure.gravatar.com\/avatar\/a495973c9f7d0eaf1e8a45e151427557746853de7b53dec9bc064eeddfe86321?s=96&d=mm&r=g","caption":"admin"},"sameAs":["https:\/\/site21.monsitecommeunpro.fr"],"url":"https:\/\/site21.monsitecommeunpro.fr\/?author=1"}]}},"uagb_featured_image_src":{"full":false,"thumbnail":false,"medium":false,"medium_large":false,"large":false,"1536x1536":false,"2048x2048":false},"uagb_author_info":{"display_name":"admin","author_link":"https:\/\/site21.monsitecommeunpro.fr\/?author=1"},"uagb_comment_info":0,"uagb_excerpt":"\u00c0 l\u2019occasion du Pont de l\u2019Ascension, notre site d\u2019actualit\u00e9 sera exceptionnellement en pause du jeudi 14 au dimanche 17 mai. Mais plut\u00f4t que de simplement suspendre notre activit\u00e9, nous avons choisi de vous proposer une exp\u00e9rience unique :un s\u00e9jour de 4 jours au c\u0153ur des Gorges du Verdon, r\u00e9serv\u00e9 \u00e0 nos lecteurs. Une parenth\u00e8se loin\u2026","_links":{"self":[{"href":"https:\/\/site21.monsitecommeunpro.fr\/index.php?rest_route=\/wp\/v2\/posts\/156","targetHints":{"allow":["GET"]}}],"collection":[{"href":"https:\/\/site21.monsitecommeunpro.fr\/index.php?rest_route=\/wp\/v2\/posts"}],"about":[{"href":"https:\/\/site21.monsitecommeunpro.fr\/index.php?rest_route=\/wp\/v2\/types\/post"}],"author":[{"embeddable":true,"href":"https:\/\/site21.monsitecommeunpro.fr\/index.php?rest_route=\/wp\/v2\/users\/1"}],"replies":[{"embeddable":true,"href":"https:\/\/site21.monsitecommeunpro.fr\/index.php?rest_route=%2Fwp%2Fv2%2Fcomments&post=156"}],"version-history":[{"count":1,"href":"https:\/\/site21.monsitecommeunpro.fr\/index.php?rest_route=\/wp\/v2\/posts\/156\/revisions"}],"predecessor-version":[{"id":157,"href":"https:\/\/site21.monsitecommeunpro.fr\/index.php?rest_route=\/wp\/v2\/posts\/156\/revisions\/157"}],"wp:attachment":[{"href":"https:\/\/site21.monsitecommeunpro.fr\/index.php?rest_route=%2Fwp%2Fv2%2Fmedia&parent=156"}],"wp:term":[{"taxonomy":"category","embeddable":true,"href":"https:\/\/site21.monsitecommeunpro.fr\/index.php?rest_route=%2Fwp%2Fv2%2Fcategories&post=156"},{"taxonomy":"post_tag","embeddable":true,"href":"https:\/\/site21.monsitecommeunpro.fr\/index.php?rest_route=%2Fwp%2Fv2%2Ftags&post=156"}],"curies":[{"name":"wp","href":"https:\/\/api.w.org\/{rel}","templated":true}]}}